{"id":1368,"date":"2019-02-27T16:49:30","date_gmt":"2019-02-27T16:49:30","guid":{"rendered":"http:\/\/www.psicologiasexologiamallorca.com\/?p=1368"},"modified":"2023-04-24T17:13:57","modified_gmt":"2023-04-24T17:13:57","slug":"quan-els-nens-han-de-dir-adeu-el-dol-infantil","status":"publish","type":"post","link":"https:\/\/psicologiainfantilmallorca.com\/catala\/quan-els-nens-han-de-dir-adeu-el-dol-infantil\/","title":{"rendered":"QUAN ELS NENS HAN DE DIR AD\u00c9U: EL DOL INFANTIL."},"content":{"rendered":"<div id=\"pl-1368\" class=\"panel-layout\">\n<div id=\"pg-1368-0\" class=\"panel-grid panel-no-style\">\n<div id=\"pgc-1368-0-0\" class=\"panel-grid-cell\" data-weight=\"1\">\n<div id=\"panel-1368-0-0-0\" class=\"so-panel widget widget_sow-editor panel-first-child panel-last-child\" data-index=\"0\" data-style=\"{&quot;background_display&quot;:&quot;tile&quot;}\">\n<div class=\"so-widget-sow-editor so-widget-sow-editor-base\">\n<div class=\"siteorigin-widget-tinymce textwidget\">\n<p>&#8220;Els que van aprendre a con\u00e8ixer la mort en lloc de t\u00e9mer-i lluitar contra ella, es van convertir en els nostres mestres sobre la vida&#8221; (K\u00fcbler-Ross, 1983).<\/p>\n<p><strong>QU\u00c8 \u00c9S EL DOL?<\/strong><\/p>\n<p>El dol \u00e9s un proc\u00e9s sa d&#8217;adaptaci\u00f3 que experimentem davant la p\u00e8rdua d&#8217;un \u00e9sser estimat. Les seves caracter\u00edstiques s\u00f3n les seg\u00fcents &#8230;<\/p>\n<p><!--more--><\/p>\n<ul>\n<li>No es resol de manera immediata.<\/li>\n<li>Implica moviment, \u00e9s a dir, no \u00e9s un proc\u00e9s est\u00e0tic en el temps sin\u00f3 que varia constantment.<\/li>\n<li>\u00c9s una etapa normal per la qual tot \u00e9sser hum\u00e0 s&#8217;ha vist alguna vegada a la vida obligat a superar.<\/li>\n<li>\u00c9s un proc\u00e9s \u00fanic, personal i \u00edntim.<\/li>\n<li>Implica un treball personal per a superar si no podrem caure en un duel cr\u00f2nic \/ patol\u00f2gic el que ens portar\u00e0 a desenvolupar emocions disf\u00f3ricas i complicacions en la conducta adaptativa.<\/li>\n<\/ul>\n<p>Quines s\u00f3n les pautes a seguir per superar un dol? Segons William Worden s\u00f3n:<\/p>\n<ul>\n<li>Acceptaci\u00f3 de la mort.<\/li>\n<\/ul>\n<p>Assimilar la seva mort com un proc\u00e9s que forma part de la vida, sigui o no natural. L&#8217;important \u00e9s que els quedi clar quin \u00e9s el concepte de la mort i per qu\u00e8 existeix.<\/p>\n<ul>\n<li>Experimentar i gestionar correctament les emocions.<\/li>\n<\/ul>\n<p>Hem de deixar-los que s&#8217;expressin com ho senten. No faran ni diran el mateix que els adults sin\u00f3 que seran curiosos i pot ser que en algunes situacions ignorin el que ha passat o que no pateixin com esper\u00e0vem. Cal deixar que les coses flueixin, els nens tenen uns ritmes molt diferents al dels adults.<\/p>\n<ul>\n<li>Assimilar l&#8217;abs\u00e8ncia de la v\u00edctima.<\/li>\n<\/ul>\n<p>Per qu\u00e8 ja no hi \u00e9s? Aqu\u00ed hem de tenir una conversa sincera i natural sobre el que implica la mort a la part corp\u00f2ria; un cop morts, s&#8217;apaga el nostre cos.<\/p>\n<ul>\n<li>Recol\u00b7locar emocionalment a el mort per seguir endavant amb les rutines del dia a dia; perqu\u00e8 nosaltres seguim vivint.<\/li>\n<\/ul>\n<p>Per exemple, buscant un lloc o un objecte que els pugui connectar amb la persona morta per si en algun moment tinguessin la necessitat de parlar-o portar algun regal (dibuixets).<\/p>\n<p><img loading=\"lazy\" decoding=\"async\" class=\"aligncenter size-medium wp-image-1376\" src=\"http:\/\/www.psicologiasexologiamallorca.com\/wp-content\/uploads\/2019\/02\/imagendueloinfantil.jpeg\" alt=\"\" width=\"600\" height=\"292\" srcset=\"https:\/\/psicologiainfantilmallorca.com\/catala\/wp-content\/uploads\/2019\/02\/imagendueloinfantil.jpeg 1600w, https:\/\/psicologiainfantilmallorca.com\/catala\/wp-content\/uploads\/2019\/02\/imagendueloinfantil-300x146.jpeg 300w, https:\/\/psicologiainfantilmallorca.com\/catala\/wp-content\/uploads\/2019\/02\/imagendueloinfantil-768x373.jpeg 768w, https:\/\/psicologiainfantilmallorca.com\/catala\/wp-content\/uploads\/2019\/02\/imagendueloinfantil-1024x498.jpeg 1024w\" sizes=\"auto, (max-width: 600px) 100vw, 600px\" \/><\/p>\n<p>DIFER\u00c8NCIES ENTRE DOL ADULT I DOL INFANTIL<\/p>\n<p>ELS DRETS DEL NEN AL DOL<\/p>\n<p>Per comprendre les seves necessitats, abans, hem de con\u00e8ixer quins s\u00f3n els seus drets:<\/p>\n<ol>\n<li>Deixa que senti les meves emocions i les expressi amb naturalitat, siguin quines siguin.<\/li>\n<li>Si necessito parlar, escolteu-me i si prefereixo callar, acompanyeu-me.<\/li>\n<li>Tot i la tristesa de la situaci\u00f3, necessito sentir-me segur \/ a.<\/li>\n<li>Encara et fa mal, deixa explicar-te els records bonics que tinc d&#8217;aquesta persona.<\/li>\n<li>He de seguir endavant, he de ser feli\u00e7, perqu\u00e8 jo segueixo viu \/ a.<\/li>\n<\/ol>\n<p>ALGUNES RECOMANACIONS<\/p>\n<p>Avui en dia, tenim milers i milers de recursos que ens ajuden a educar en les emocions als m\u00e9s petits de la casa. Personalment, els contes, ens semblen unes eines molt \u00fatils. Aqu\u00ed us deixem algunes recomanacions:<\/p>\n<ul>\n<li>Iliana, la nena que escoltava a el vent (Antonio Rodenas i Carme Sol\u00e9 Vendrell).<\/li>\n<li><span class=\"tlid-translation translation\" lang=\"ca\"><span title=\"\">L&#8217;illa de<\/span> <span title=\"\">l&#8217;avi<\/span> <span title=\"\">(<\/span><span title=\"\">Benji<\/span> <span title=\"\">Davies<\/span><span class=\"\" title=\"\">)<\/span><span title=\"\">.<\/span><\/span><\/li>\n<li>Per sempre (Cam\u00ed Garc\u00eda).<\/li>\n<li>L&#8217;arbre dels records (Britta Teckentrup).<\/li>\n<li>No \u00e9s f\u00e0cil petit esquirol (Elisa Ram\u00f3n Bofarull).<\/li>\n<\/ul>\n<p>I si voleu una mica de material m\u00e9s din\u00e0mic aqu\u00ed us deixem un llistat de pel\u00b7l\u00edcules:<\/p>\n<ul>\n<li>El Rei Lle\u00f3.<\/li>\n<\/ul>\n<p>La mort de Mufasa \u00e9s un clar exemple de l&#8217;empremta que deixa alg\u00fa en nosaltres ja sigui en forma de valors, de gestos, de manera de parlar, etc.<\/p>\n<ul>\n<li>Buscant a Nemo.<\/li>\n<\/ul>\n<p>Cal perdre la por perqu\u00e8 aquest no ens deixa viure i per tant, seguir endavant es fa dif\u00edcil.<\/p>\n<ul>\n<li>Big Hero 6.<\/li>\n<\/ul>\n<p>Ens pot ajudar a ensenyar-los a gestionar la seva r\u00e0bia i reconduir-la cap a alguna cosa productiu.<\/p>\n<ul>\n<li>Germ\u00e0 \u00d2s.<\/li>\n<\/ul>\n<p>Amb aquest argument podrem treballar el sentiment de culpa.<\/p>\n<p>A tenir en compte<\/p>\n<p>El duel no implica nom\u00e9s la mort. El simple fet de canviar de casa o de col\u00b7legi, el qual els pares se separin, el que passin de Prim\u00e0ria a Secund\u00e0ria &#8230; Impliquen situacions de p\u00e8rdua que alteren les emocions dels nens pel que \u00e9s vital actuar per impedir el possible dany psicol\u00f2gic que pot generar un dol patol\u00f2gic. Els nens s\u00f3n m\u00e9s flexibles als canvis i s&#8217;adapten millor a aquests que els adults per\u00f2 aix\u00f2 no implica que no pateixin o que no vulguin assimilar aquest canvi. Hem de tenir en compte les seves necessitats i els seus desitjos ja que els seus ritmes s\u00f3n molt diferents als nostres i una necessitat imperiosa per a nosaltres<\/p>\n<\/div>\n<\/div>\n<\/div>\n<\/div>\n<\/div>\n<\/div>\n","protected":false},"excerpt":{"rendered":"<p>&#8220;Els que van aprendre a con\u00e8ixer la mort en lloc de t\u00e9mer-i lluitar contra ella, es van convertir en els nostres mestres sobre la vida&#8221; (K\u00fcbler-Ross, 1983). QU\u00c8 \u00c9S EL DOL? El dol \u00e9s un proc\u00e9s sa d&#8217;adaptaci\u00f3 que experimentem davant la p\u00e8rdua d&#8217;un \u00e9sser estimat. Les seves caracter\u00edstiques s\u00f3n les seg\u00fcents &#8230;<\/p>\n","protected":false},"author":1,"featured_media":1372,"comment_status":"closed","ping_status":"closed","sticky":false,"template":"","format":"standard","meta":{"_joinchat":[],"footnotes":""},"categories":[53],"tags":[],"class_list":["post-1368","post","type-post","status-publish","format-standard","has-post-thumbnail","hentry","category-emociones"],"yoast_head":"<!-- This site is optimized with the Yoast SEO plugin v25.6 - https:\/\/yoast.com\/wordpress\/plugins\/seo\/ -->\n<title>QUAN ELS NENS HAN DE DIR AD\u00c9U: EL DOL INFANTIL. - PSICOLOGIA INFANTIL MALLORCA<\/title>\n<meta name=\"robots\" content=\"index, follow, max-snippet:-1, max-image-preview:large, max-video-preview:-1\" \/>\n<link rel=\"canonical\" href=\"https:\/\/psicologiainfantilmallorca.com\/catala\/quan-els-nens-han-de-dir-adeu-el-dol-infantil\/\" \/>\n<meta property=\"og:locale\" content=\"ca_ES\" \/>\n<meta property=\"og:type\" content=\"article\" \/>\n<meta property=\"og:title\" content=\"QUAN ELS NENS HAN DE DIR AD\u00c9U: EL DOL INFANTIL. - PSICOLOGIA INFANTIL MALLORCA\" \/>\n<meta property=\"og:description\" content=\"&#8220;Els que van aprendre a con\u00e8ixer la mort en lloc de t\u00e9mer-i lluitar contra ella, es van convertir en els nostres mestres sobre la vida&#8221; (K\u00fcbler-Ross, 1983). QU\u00c8 \u00c9S EL DOL? El dol \u00e9s un proc\u00e9s sa d&#8217;adaptaci\u00f3 que experimentem davant la p\u00e8rdua d&#8217;un \u00e9sser estimat. Les seves caracter\u00edstiques s\u00f3n les seg\u00fcents &#8230;\" \/>\n<meta property=\"og:url\" content=\"https:\/\/psicologiainfantilmallorca.com\/catala\/quan-els-nens-han-de-dir-adeu-el-dol-infantil\/\" \/>\n<meta property=\"og:site_name\" content=\"PSICOLOGIA INFANTIL MALLORCA\" \/>\n<meta property=\"article:published_time\" content=\"2019-02-27T16:49:30+00:00\" \/>\n<meta property=\"article:modified_time\" content=\"2023-04-24T17:13:57+00:00\" \/>\n<meta property=\"og:image\" content=\"https:\/\/psicologiainfantilmallorca.com\/catala\/wp-content\/uploads\/2019\/02\/imagen-2.jpg\" \/>\n\t<meta property=\"og:image:width\" content=\"251\" \/>\n\t<meta property=\"og:image:height\" content=\"201\" \/>\n\t<meta property=\"og:image:type\" content=\"image\/jpeg\" \/>\n<meta name=\"author\" content=\"admin\" \/>\n<meta name=\"twitter:card\" content=\"summary_large_image\" \/>\n<meta name=\"twitter:label1\" content=\"Escrit per\" \/>\n\t<meta name=\"twitter:data1\" content=\"admin\" \/>\n\t<meta name=\"twitter:label2\" content=\"Temps estimat de lectura\" \/>\n\t<meta name=\"twitter:data2\" content=\"5 minuts\" \/>\n<script type=\"application\/ld+json\" class=\"yoast-schema-graph\">{\"@context\":\"https:\/\/schema.org\",\"@graph\":[{\"@type\":\"WebPage\",\"@id\":\"https:\/\/psicologiainfantilmallorca.com\/catala\/quan-els-nens-han-de-dir-adeu-el-dol-infantil\/\",\"url\":\"https:\/\/psicologiainfantilmallorca.com\/catala\/quan-els-nens-han-de-dir-adeu-el-dol-infantil\/\",\"name\":\"QUAN ELS NENS HAN DE DIR AD\u00c9U: EL DOL INFANTIL. - PSICOLOGIA INFANTIL MALLORCA\",\"isPartOf\":{\"@id\":\"https:\/\/psicologiainfantilmallorca.com\/catala\/#website\"},\"primaryImageOfPage\":{\"@id\":\"https:\/\/psicologiainfantilmallorca.com\/catala\/quan-els-nens-han-de-dir-adeu-el-dol-infantil\/#primaryimage\"},\"image\":{\"@id\":\"https:\/\/psicologiainfantilmallorca.com\/catala\/quan-els-nens-han-de-dir-adeu-el-dol-infantil\/#primaryimage\"},\"thumbnailUrl\":\"https:\/\/psicologiainfantilmallorca.com\/catala\/wp-content\/uploads\/2019\/02\/imagen-2.jpg\",\"datePublished\":\"2019-02-27T16:49:30+00:00\",\"dateModified\":\"2023-04-24T17:13:57+00:00\",\"author\":{\"@id\":\"https:\/\/psicologiainfantilmallorca.com\/catala\/#\/schema\/person\/f600785c8ac3c00b42801b7d9128edd1\"},\"breadcrumb\":{\"@id\":\"https:\/\/psicologiainfantilmallorca.com\/catala\/quan-els-nens-han-de-dir-adeu-el-dol-infantil\/#breadcrumb\"},\"inLanguage\":\"ca\",\"potentialAction\":[{\"@type\":\"ReadAction\",\"target\":[\"https:\/\/psicologiainfantilmallorca.com\/catala\/quan-els-nens-han-de-dir-adeu-el-dol-infantil\/\"]}]},{\"@type\":\"ImageObject\",\"inLanguage\":\"ca\",\"@id\":\"https:\/\/psicologiainfantilmallorca.com\/catala\/quan-els-nens-han-de-dir-adeu-el-dol-infantil\/#primaryimage\",\"url\":\"https:\/\/psicologiainfantilmallorca.com\/catala\/wp-content\/uploads\/2019\/02\/imagen-2.jpg\",\"contentUrl\":\"https:\/\/psicologiainfantilmallorca.com\/catala\/wp-content\/uploads\/2019\/02\/imagen-2.jpg\",\"width\":251,\"height\":201},{\"@type\":\"BreadcrumbList\",\"@id\":\"https:\/\/psicologiainfantilmallorca.com\/catala\/quan-els-nens-han-de-dir-adeu-el-dol-infantil\/#breadcrumb\",\"itemListElement\":[{\"@type\":\"ListItem\",\"position\":1,\"name\":\"Portada\",\"item\":\"https:\/\/psicologiainfantilmallorca.com\/catala\/\"},{\"@type\":\"ListItem\",\"position\":2,\"name\":\"QUAN ELS NENS HAN DE DIR AD\u00c9U: EL DOL INFANTIL.\"}]},{\"@type\":\"WebSite\",\"@id\":\"https:\/\/psicologiainfantilmallorca.com\/catala\/#website\",\"url\":\"https:\/\/psicologiainfantilmallorca.com\/catala\/\",\"name\":\"PSICOLOGIA INFANTIL MALLORCA\",\"description\":\"psicologiainfantilmallorca.com\",\"potentialAction\":[{\"@type\":\"SearchAction\",\"target\":{\"@type\":\"EntryPoint\",\"urlTemplate\":\"https:\/\/psicologiainfantilmallorca.com\/catala\/?s={search_term_string}\"},\"query-input\":{\"@type\":\"PropertyValueSpecification\",\"valueRequired\":true,\"valueName\":\"search_term_string\"}}],\"inLanguage\":\"ca\"},{\"@type\":\"Person\",\"@id\":\"https:\/\/psicologiainfantilmallorca.com\/catala\/#\/schema\/person\/f600785c8ac3c00b42801b7d9128edd1\",\"name\":\"admin\",\"image\":{\"@type\":\"ImageObject\",\"inLanguage\":\"ca\",\"@id\":\"https:\/\/psicologiainfantilmallorca.com\/catala\/#\/schema\/person\/image\/\",\"url\":\"https:\/\/secure.gravatar.com\/avatar\/36d0803082be0d9e82cdd99012f87b9c089e582ad802d43733e13f564e66c3d5?s=96&d=mm&r=g\",\"contentUrl\":\"https:\/\/secure.gravatar.com\/avatar\/36d0803082be0d9e82cdd99012f87b9c089e582ad802d43733e13f564e66c3d5?s=96&d=mm&r=g\",\"caption\":\"admin\"},\"url\":\"https:\/\/psicologiainfantilmallorca.com\/catala\/author\/admin\/\"}]}<\/script>\n<!-- \/ Yoast SEO plugin. -->","yoast_head_json":{"title":"QUAN ELS NENS HAN DE DIR AD\u00c9U: EL DOL INFANTIL. - PSICOLOGIA INFANTIL MALLORCA","robots":{"index":"index","follow":"follow","max-snippet":"max-snippet:-1","max-image-preview":"max-image-preview:large","max-video-preview":"max-video-preview:-1"},"canonical":"https:\/\/psicologiainfantilmallorca.com\/catala\/quan-els-nens-han-de-dir-adeu-el-dol-infantil\/","og_locale":"ca_ES","og_type":"article","og_title":"QUAN ELS NENS HAN DE DIR AD\u00c9U: EL DOL INFANTIL. - PSICOLOGIA INFANTIL MALLORCA","og_description":"&#8220;Els que van aprendre a con\u00e8ixer la mort en lloc de t\u00e9mer-i lluitar contra ella, es van convertir en els nostres mestres sobre la vida&#8221; (K\u00fcbler-Ross, 1983). QU\u00c8 \u00c9S EL DOL? El dol \u00e9s un proc\u00e9s sa d&#8217;adaptaci\u00f3 que experimentem davant la p\u00e8rdua d&#8217;un \u00e9sser estimat. Les seves caracter\u00edstiques s\u00f3n les seg\u00fcents &#8230;","og_url":"https:\/\/psicologiainfantilmallorca.com\/catala\/quan-els-nens-han-de-dir-adeu-el-dol-infantil\/","og_site_name":"PSICOLOGIA INFANTIL MALLORCA","article_published_time":"2019-02-27T16:49:30+00:00","article_modified_time":"2023-04-24T17:13:57+00:00","og_image":[{"width":251,"height":201,"url":"https:\/\/psicologiainfantilmallorca.com\/catala\/wp-content\/uploads\/2019\/02\/imagen-2.jpg","type":"image\/jpeg"}],"author":"admin","twitter_card":"summary_large_image","twitter_misc":{"Escrit per":"admin","Temps estimat de lectura":"5 minuts"},"schema":{"@context":"https:\/\/schema.org","@graph":[{"@type":"WebPage","@id":"https:\/\/psicologiainfantilmallorca.com\/catala\/quan-els-nens-han-de-dir-adeu-el-dol-infantil\/","url":"https:\/\/psicologiainfantilmallorca.com\/catala\/quan-els-nens-han-de-dir-adeu-el-dol-infantil\/","name":"QUAN ELS NENS HAN DE DIR AD\u00c9U: EL DOL INFANTIL. - PSICOLOGIA INFANTIL MALLORCA","isPartOf":{"@id":"https:\/\/psicologiainfantilmallorca.com\/catala\/#website"},"primaryImageOfPage":{"@id":"https:\/\/psicologiainfantilmallorca.com\/catala\/quan-els-nens-han-de-dir-adeu-el-dol-infantil\/#primaryimage"},"image":{"@id":"https:\/\/psicologiainfantilmallorca.com\/catala\/quan-els-nens-han-de-dir-adeu-el-dol-infantil\/#primaryimage"},"thumbnailUrl":"https:\/\/psicologiainfantilmallorca.com\/catala\/wp-content\/uploads\/2019\/02\/imagen-2.jpg","datePublished":"2019-02-27T16:49:30+00:00","dateModified":"2023-04-24T17:13:57+00:00","author":{"@id":"https:\/\/psicologiainfantilmallorca.com\/catala\/#\/schema\/person\/f600785c8ac3c00b42801b7d9128edd1"},"breadcrumb":{"@id":"https:\/\/psicologiainfantilmallorca.com\/catala\/quan-els-nens-han-de-dir-adeu-el-dol-infantil\/#breadcrumb"},"inLanguage":"ca","potentialAction":[{"@type":"ReadAction","target":["https:\/\/psicologiainfantilmallorca.com\/catala\/quan-els-nens-han-de-dir-adeu-el-dol-infantil\/"]}]},{"@type":"ImageObject","inLanguage":"ca","@id":"https:\/\/psicologiainfantilmallorca.com\/catala\/quan-els-nens-han-de-dir-adeu-el-dol-infantil\/#primaryimage","url":"https:\/\/psicologiainfantilmallorca.com\/catala\/wp-content\/uploads\/2019\/02\/imagen-2.jpg","contentUrl":"https:\/\/psicologiainfantilmallorca.com\/catala\/wp-content\/uploads\/2019\/02\/imagen-2.jpg","width":251,"height":201},{"@type":"BreadcrumbList","@id":"https:\/\/psicologiainfantilmallorca.com\/catala\/quan-els-nens-han-de-dir-adeu-el-dol-infantil\/#breadcrumb","itemListElement":[{"@type":"ListItem","position":1,"name":"Portada","item":"https:\/\/psicologiainfantilmallorca.com\/catala\/"},{"@type":"ListItem","position":2,"name":"QUAN ELS NENS HAN DE DIR AD\u00c9U: EL DOL INFANTIL."}]},{"@type":"WebSite","@id":"https:\/\/psicologiainfantilmallorca.com\/catala\/#website","url":"https:\/\/psicologiainfantilmallorca.com\/catala\/","name":"PSICOLOGIA INFANTIL MALLORCA","description":"psicologiainfantilmallorca.com","potentialAction":[{"@type":"SearchAction","target":{"@type":"EntryPoint","urlTemplate":"https:\/\/psicologiainfantilmallorca.com\/catala\/?s={search_term_string}"},"query-input":{"@type":"PropertyValueSpecification","valueRequired":true,"valueName":"search_term_string"}}],"inLanguage":"ca"},{"@type":"Person","@id":"https:\/\/psicologiainfantilmallorca.com\/catala\/#\/schema\/person\/f600785c8ac3c00b42801b7d9128edd1","name":"admin","image":{"@type":"ImageObject","inLanguage":"ca","@id":"https:\/\/psicologiainfantilmallorca.com\/catala\/#\/schema\/person\/image\/","url":"https:\/\/secure.gravatar.com\/avatar\/36d0803082be0d9e82cdd99012f87b9c089e582ad802d43733e13f564e66c3d5?s=96&d=mm&r=g","contentUrl":"https:\/\/secure.gravatar.com\/avatar\/36d0803082be0d9e82cdd99012f87b9c089e582ad802d43733e13f564e66c3d5?s=96&d=mm&r=g","caption":"admin"},"url":"https:\/\/psicologiainfantilmallorca.com\/catala\/author\/admin\/"}]}},"_links":{"self":[{"href":"https:\/\/psicologiainfantilmallorca.com\/catala\/wp-json\/wp\/v2\/posts\/1368","targetHints":{"allow":["GET"]}}],"collection":[{"href":"https:\/\/psicologiainfantilmallorca.com\/catala\/wp-json\/wp\/v2\/posts"}],"about":[{"href":"https:\/\/psicologiainfantilmallorca.com\/catala\/wp-json\/wp\/v2\/types\/post"}],"author":[{"embeddable":true,"href":"https:\/\/psicologiainfantilmallorca.com\/catala\/wp-json\/wp\/v2\/users\/1"}],"replies":[{"embeddable":true,"href":"https:\/\/psicologiainfantilmallorca.com\/catala\/wp-json\/wp\/v2\/comments?post=1368"}],"version-history":[{"count":15,"href":"https:\/\/psicologiainfantilmallorca.com\/catala\/wp-json\/wp\/v2\/posts\/1368\/revisions"}],"predecessor-version":[{"id":3184,"href":"https:\/\/psicologiainfantilmallorca.com\/catala\/wp-json\/wp\/v2\/posts\/1368\/revisions\/3184"}],"wp:featuredmedia":[{"embeddable":true,"href":"https:\/\/psicologiainfantilmallorca.com\/catala\/wp-json\/wp\/v2\/media\/1372"}],"wp:attachment":[{"href":"https:\/\/psicologiainfantilmallorca.com\/catala\/wp-json\/wp\/v2\/media?parent=1368"}],"wp:term":[{"taxonomy":"category","embeddable":true,"href":"https:\/\/psicologiainfantilmallorca.com\/catala\/wp-json\/wp\/v2\/categories?post=1368"},{"taxonomy":"post_tag","embeddable":true,"href":"https:\/\/psicologiainfantilmallorca.com\/catala\/wp-json\/wp\/v2\/tags?post=1368"}],"curies":[{"name":"wp","href":"https:\/\/api.w.org\/{rel}","templated":true}]}}